{"id":384,"date":"2026-01-18T19:32:22","date_gmt":"2026-01-18T18:32:22","guid":{"rendered":"https:\/\/www.team-bananenflanke.de\/ortenau\/?p=384"},"modified":"2026-01-18T19:34:48","modified_gmt":"2026-01-18T18:34:48","slug":"narro-narro-bananenflanke-ortenau-beim-jubilaeumsumzug-der-zwetschgenbacher-narrengilde","status":"publish","type":"post","link":"https:\/\/www.team-bananenflanke.de\/ortenau\/2026\/01\/18\/narro-narro-bananenflanke-ortenau-beim-jubilaeumsumzug-der-zwetschgenbacher-narrengilde\/","title":{"rendered":"Narro, Narro! Bananenflanke Ortenau beim Jubil\u00e4umsumzug der Zwetschgenbacher Narrengilde"},"content":{"rendered":"<p>[et_pb_section admin_label=&#8220;section&#8220;]<br \/>\n\t\t\t[et_pb_row admin_label=&#8220;row&#8220;]<br \/>\n\t\t\t\t[et_pb_column type=&#8220;4_4&#8243;][et_pb_text admin_label=&#8220;Text&#8220;]Beim Jubil\u00e4umsumzug \u201e44 Jahre Zwetschgenbacher Narrengilde e.V.\u201c durften wir heute als Bananenflanke mitlaufen und Teil dieses besonderen Ereignisses sein.<\/p>\n<p><img loading=\"lazy\" decoding=\"async\" class=\"alignleft size-large wp-image-389\" src=\"https:\/\/www.team-bananenflanke.de\/ortenau\/wp-content\/uploads\/2026\/01\/20260118_Fashingsumzug_Sasbach_1-1024x576.jpg\" alt=\"\" width=\"1024\" height=\"576\" srcset=\"https:\/\/www.team-bananenflanke.de\/ortenau\/wp-content\/uploads\/2026\/01\/20260118_Fashingsumzug_Sasbach_1-980x551.jpg 980w, https:\/\/www.team-bananenflanke.de\/ortenau\/wp-content\/uploads\/2026\/01\/20260118_Fashingsumzug_Sasbach_1-480x270.jpg 480w\" sizes=\"auto, (min-width: 0px) and (max-width: 480px) 480px, (min-width: 481px) and (max-width: 980px) 980px, (min-width: 981px) 1024px, 100vw\" \/><\/p>\n<p>Das trockene, aber kalte Wetter konnte der Stimmung nichts anhaben, im Gegenteil: Entlang der gesamten Strecke herrschte beste Laune. Begleitet von unserer BFL-Hymne, zogen wir gemeinsam durch die Stra\u00dfen und sorgten f\u00fcr gute Stimmung bei Zuschauern und Teilnehmern.<\/p>\n<p>Immer wieder hallte unser Mottoruf durch die Stra\u00dfen:<\/p>\n<p>\u201eWas sind wir? Ein Team!\u201c<\/p>\n<p>Und genau das wurde an diesem Tag einmal mehr deutlich, nicht nur auf dem Fu\u00dfballfeld, sondern auch abseits davon. Zusammenhalt, Gemeinschaft und Freude standen im Mittelpunkt und machten den Umzug zu einem besonderen Erlebnis f\u00fcr alle Beteiligten.<\/p>\n<p>Wir bedanken uns herzlich bei der Zwetschgenbacher Narrengilde e.V. f\u00fcr die Einladung und die M\u00f6glichkeit, bei diesem tollen Jubil\u00e4um mitlaufen zu d\u00fcrfen.<\/p>\n<p>Ein Erlebnis, das uns noch lange in Erinnerung bleiben wird.<\/p>\n<p><img loading=\"lazy\" decoding=\"async\" class=\"size-large wp-image-386 aligncenter\" src=\"https:\/\/www.team-bananenflanke.de\/ortenau\/wp-content\/uploads\/2026\/01\/20260118_Fashingsumzug_Sasbach_2-819x1024.jpg\" alt=\"\" width=\"819\" height=\"1024\" \/><\/p>\n<p><img loading=\"lazy\" decoding=\"async\" class=\"size-large wp-image-385 aligncenter\" src=\"https:\/\/www.team-bananenflanke.de\/ortenau\/wp-content\/uploads\/2026\/01\/20260118_Fashingsumzug_Sasbach_5-683x1024.jpg\" alt=\"\" width=\"683\" height=\"1024\" \/><\/p>\n<p><img loading=\"lazy\" decoding=\"async\" class=\"alignleft size-large wp-image-387\" src=\"https:\/\/www.team-bananenflanke.de\/ortenau\/wp-content\/uploads\/2026\/01\/20260118_Fashingsumzug_Sasbach_3-1024x683.jpg\" alt=\"\" width=\"1024\" height=\"683\" srcset=\"https:\/\/www.team-bananenflanke.de\/ortenau\/wp-content\/uploads\/2026\/01\/20260118_Fashingsumzug_Sasbach_3-980x653.jpg 980w, https:\/\/www.team-bananenflanke.de\/ortenau\/wp-content\/uploads\/2026\/01\/20260118_Fashingsumzug_Sasbach_3-480x320.jpg 480w\" sizes=\"auto, (min-width: 0px) and (max-width: 480px) 480px, (min-width: 481px) and (max-width: 980px) 980px, (min-width: 981px) 1024px, 100vw\" \/><\/p>\n<p>&nbsp;<\/p>\n<p>&nbsp;<\/p>\n<p><img loading=\"lazy\" decoding=\"async\" class=\"alignleft size-large wp-image-388\" src=\"https:\/\/www.team-bananenflanke.de\/ortenau\/wp-content\/uploads\/2026\/01\/20260118_Fashingsumzug_Sasbach_6-1024x683.jpg\" alt=\"\" width=\"1024\" height=\"683\" srcset=\"https:\/\/www.team-bananenflanke.de\/ortenau\/wp-content\/uploads\/2026\/01\/20260118_Fashingsumzug_Sasbach_6-980x653.jpg 980w, https:\/\/www.team-bananenflanke.de\/ortenau\/wp-content\/uploads\/2026\/01\/20260118_Fashingsumzug_Sasbach_6-480x320.jpg 480w\" sizes=\"auto, (min-width: 0px) and (max-width: 480px) 480px, (min-width: 481px) and (max-width: 980px) 980px, (min-width: 981px) 1024px, 100vw\" \/>[\/et_pb_text][\/et_pb_column]<br \/>\n\t\t\t[\/et_pb_row]<br \/>\n\t\t[\/et_pb_section]<\/p>\n","protected":false},"excerpt":{"rendered":"<p>[et_pb_section admin_label=&#8220;section&#8220;] [et_pb_row admin_label=&#8220;row&#8220;] [et_pb_column type=&#8220;4_4&#8243;][et_pb_text admin_label=&#8220;Text&#8220;]Beim Jubil\u00e4umsumzug \u201e44 Jahre Zwetschgenbacher Narrengilde e.V.\u201c durften wir heute als Bananenflanke mitlaufen und Teil dieses besonderen Ereignisses sein. Das trockene, aber kalte Wetter konnte der Stimmung nichts anhaben, im Gegenteil: Entlang der gesamten Strecke herrschte beste Laune. Begleitet von unserer BFL-Hymne, zogen wir gemeinsam durch die Stra\u00dfen und [&hellip;]<\/p>\n","protected":false},"author":2,"featured_media":0,"comment_status":"closed","ping_status":"closed","sticky":false,"template":"","format":"standard","meta":{"_et_pb_use_builder":"on","_et_pb_old_content":"Beim Jubil\u00e4umsumzug \u201e44 Jahre Zwetschgenbacher Narrengilde e.V.\u201c durften wir heute als Bananenflanke mitlaufen und Teil dieses besonderen Ereignisses sein.\r\n\r\n<img class=\"alignleft size-large wp-image-389\" src=\"https:\/\/www.team-bananenflanke.de\/ortenau\/wp-content\/uploads\/2026\/01\/20260118_Fashingsumzug_Sasbach_1-1024x576.jpg\" alt=\"\" width=\"1024\" height=\"576\" \/>\r\n\r\nDas trockene, aber kalte Wetter konnte der Stimmung nichts anhaben, im Gegenteil: Entlang der gesamten Strecke herrschte beste Laune. Begleitet von unserer BFL-Hymne, zogen wir gemeinsam durch die Stra\u00dfen und sorgten f\u00fcr gute Stimmung bei Zuschauern und Teilnehmern.\r\n\r\nImmer wieder hallte unser Mottoruf durch die Stra\u00dfen:\r\n\r\n\u201eWas sind wir? Ein Team!\u201c\r\n\r\nUnd genau das wurde an diesem Tag einmal mehr deutlich, nicht nur auf dem Fu\u00dfballfeld, sondern auch abseits davon. Zusammenhalt, Gemeinschaft und Freude standen im Mittelpunkt und machten den Umzug zu einem besonderen Erlebnis f\u00fcr alle Beteiligten.\r\n\r\nWir bedanken uns herzlich bei der Zwetschgenbacher Narrengilde e.V. f\u00fcr die Einladung und die M\u00f6glichkeit, bei diesem tollen Jubil\u00e4um mitlaufen zu d\u00fcrfen.\r\n\r\nEin Erlebnis, das uns noch lange in Erinnerung bleiben wird.\r\n\r\n<img class=\"size-large wp-image-386 aligncenter\" src=\"https:\/\/www.team-bananenflanke.de\/ortenau\/wp-content\/uploads\/2026\/01\/20260118_Fashingsumzug_Sasbach_2-819x1024.jpg\" alt=\"\" width=\"819\" height=\"1024\" \/>\r\n\r\n<img class=\"size-large wp-image-385 aligncenter\" src=\"https:\/\/www.team-bananenflanke.de\/ortenau\/wp-content\/uploads\/2026\/01\/20260118_Fashingsumzug_Sasbach_5-683x1024.jpg\" alt=\"\" width=\"683\" height=\"1024\" \/>\r\n\r\n<img class=\"alignleft size-large wp-image-387\" src=\"https:\/\/www.team-bananenflanke.de\/ortenau\/wp-content\/uploads\/2026\/01\/20260118_Fashingsumzug_Sasbach_3-1024x683.jpg\" alt=\"\" width=\"1024\" height=\"683\" \/>\r\n\r\n&nbsp;\r\n\r\n&nbsp;\r\n\r\n<img class=\"alignleft size-large wp-image-388\" src=\"https:\/\/www.team-bananenflanke.de\/ortenau\/wp-content\/uploads\/2026\/01\/20260118_Fashingsumzug_Sasbach_6-1024x683.jpg\" alt=\"\" width=\"1024\" height=\"683\" \/>","_et_gb_content_width":"","footnotes":""},"categories":[1],"tags":[],"class_list":["post-384","post","type-post","status-publish","format-standard","hentry","category-allgemein"],"yoast_head":"<!-- This site is optimized with the Yoast SEO plugin v27.5 - https:\/\/yoast.com\/product\/yoast-seo-wordpress\/ -->\n<title>Narro, Narro! Bananenflanke Ortenau beim Jubil\u00e4umsumzug der Zwetschgenbacher Narrengilde - Team Bananenflanke\u00ae Ortenau e.V.<\/title>\n<meta name=\"robots\" content=\"index, follow, max-snippet:-1, max-image-preview:large, max-video-preview:-1\" \/>\n<link rel=\"canonical\" href=\"https:\/\/www.team-bananenflanke.de\/ortenau\/2026\/01\/18\/narro-narro-bananenflanke-ortenau-beim-jubilaeumsumzug-der-zwetschgenbacher-narrengilde\/\" \/>\n<meta property=\"og:locale\" content=\"de_DE\" \/>\n<meta property=\"og:type\" content=\"article\" \/>\n<meta property=\"og:title\" content=\"Narro, Narro! Bananenflanke Ortenau beim Jubil\u00e4umsumzug der Zwetschgenbacher Narrengilde - Team Bananenflanke\u00ae Ortenau e.V.\" \/>\n<meta property=\"og:description\" content=\"[et_pb_section admin_label=&#8220;section&#8220;] [et_pb_row admin_label=&#8220;row&#8220;] [et_pb_column type=&#8220;4_4&#8243;][et_pb_text admin_label=&#8220;Text&#8220;]Beim Jubil\u00e4umsumzug \u201e44 Jahre Zwetschgenbacher Narrengilde e.V.\u201c durften wir heute als Bananenflanke mitlaufen und Teil dieses besonderen Ereignisses sein. Das trockene, aber kalte Wetter konnte der Stimmung nichts anhaben, im Gegenteil: Entlang der gesamten Strecke herrschte beste Laune. Begleitet von unserer BFL-Hymne, zogen wir gemeinsam durch die Stra\u00dfen und [&hellip;]\" \/>\n<meta property=\"og:url\" content=\"https:\/\/www.team-bananenflanke.de\/ortenau\/2026\/01\/18\/narro-narro-bananenflanke-ortenau-beim-jubilaeumsumzug-der-zwetschgenbacher-narrengilde\/\" \/>\n<meta property=\"og:site_name\" content=\"Team Bananenflanke\u00ae Ortenau e.V.\" \/>\n<meta property=\"article:published_time\" content=\"2026-01-18T18:32:22+00:00\" \/>\n<meta property=\"article:modified_time\" content=\"2026-01-18T18:34:48+00:00\" \/>\n<meta property=\"og:image\" content=\"https:\/\/www.team-bananenflanke.de\/ortenau\/wp-content\/uploads\/2026\/01\/20260118_Fashingsumzug_Sasbach_1-scaled.jpg\" \/>\n\t<meta property=\"og:image:width\" content=\"2560\" \/>\n\t<meta property=\"og:image:height\" content=\"1440\" \/>\n\t<meta property=\"og:image:type\" content=\"image\/jpeg\" \/>\n<meta name=\"author\" content=\"Klaus Huber\" \/>\n<meta name=\"twitter:card\" content=\"summary_large_image\" \/>\n<meta name=\"twitter:label1\" content=\"Verfasst von\" \/>\n\t<meta name=\"twitter:data1\" content=\"Klaus Huber\" \/>\n\t<meta name=\"twitter:label2\" content=\"Gesch\u00e4tzte Lesezeit\" \/>\n\t<meta name=\"twitter:data2\" content=\"2\u00a0Minuten\" \/>\n<script type=\"application\/ld+json\" class=\"yoast-schema-graph\">{\"@context\":\"https:\\\/\\\/schema.org\",\"@graph\":[{\"@type\":\"Article\",\"@id\":\"https:\\\/\\\/www.team-bananenflanke.de\\\/ortenau\\\/2026\\\/01\\\/18\\\/narro-narro-bananenflanke-ortenau-beim-jubilaeumsumzug-der-zwetschgenbacher-narrengilde\\\/#article\",\"isPartOf\":{\"@id\":\"https:\\\/\\\/www.team-bananenflanke.de\\\/ortenau\\\/2026\\\/01\\\/18\\\/narro-narro-bananenflanke-ortenau-beim-jubilaeumsumzug-der-zwetschgenbacher-narrengilde\\\/\"},\"author\":{\"name\":\"Klaus Huber\",\"@id\":\"https:\\\/\\\/www.team-bananenflanke.de\\\/ortenau\\\/#\\\/schema\\\/person\\\/be7843289cff1eb82c26b487f78fa6e1\"},\"headline\":\"Narro, Narro! Bananenflanke Ortenau beim Jubil\u00e4umsumzug der Zwetschgenbacher Narrengilde\",\"datePublished\":\"2026-01-18T18:32:22+00:00\",\"dateModified\":\"2026-01-18T18:34:48+00:00\",\"mainEntityOfPage\":{\"@id\":\"https:\\\/\\\/www.team-bananenflanke.de\\\/ortenau\\\/2026\\\/01\\\/18\\\/narro-narro-bananenflanke-ortenau-beim-jubilaeumsumzug-der-zwetschgenbacher-narrengilde\\\/\"},\"wordCount\":196,\"image\":{\"@id\":\"https:\\\/\\\/www.team-bananenflanke.de\\\/ortenau\\\/2026\\\/01\\\/18\\\/narro-narro-bananenflanke-ortenau-beim-jubilaeumsumzug-der-zwetschgenbacher-narrengilde\\\/#primaryimage\"},\"thumbnailUrl\":\"https:\\\/\\\/www.team-bananenflanke.de\\\/ortenau\\\/wp-content\\\/uploads\\\/2026\\\/01\\\/20260118_Fashingsumzug_Sasbach_1-1024x576.jpg\",\"inLanguage\":\"de\"},{\"@type\":\"WebPage\",\"@id\":\"https:\\\/\\\/www.team-bananenflanke.de\\\/ortenau\\\/2026\\\/01\\\/18\\\/narro-narro-bananenflanke-ortenau-beim-jubilaeumsumzug-der-zwetschgenbacher-narrengilde\\\/\",\"url\":\"https:\\\/\\\/www.team-bananenflanke.de\\\/ortenau\\\/2026\\\/01\\\/18\\\/narro-narro-bananenflanke-ortenau-beim-jubilaeumsumzug-der-zwetschgenbacher-narrengilde\\\/\",\"name\":\"Narro, Narro! Bananenflanke Ortenau beim Jubil\u00e4umsumzug der Zwetschgenbacher Narrengilde - Team Bananenflanke\u00ae Ortenau e.V.\",\"isPartOf\":{\"@id\":\"https:\\\/\\\/www.team-bananenflanke.de\\\/ortenau\\\/#website\"},\"primaryImageOfPage\":{\"@id\":\"https:\\\/\\\/www.team-bananenflanke.de\\\/ortenau\\\/2026\\\/01\\\/18\\\/narro-narro-bananenflanke-ortenau-beim-jubilaeumsumzug-der-zwetschgenbacher-narrengilde\\\/#primaryimage\"},\"image\":{\"@id\":\"https:\\\/\\\/www.team-bananenflanke.de\\\/ortenau\\\/2026\\\/01\\\/18\\\/narro-narro-bananenflanke-ortenau-beim-jubilaeumsumzug-der-zwetschgenbacher-narrengilde\\\/#primaryimage\"},\"thumbnailUrl\":\"https:\\\/\\\/www.team-bananenflanke.de\\\/ortenau\\\/wp-content\\\/uploads\\\/2026\\\/01\\\/20260118_Fashingsumzug_Sasbach_1-1024x576.jpg\",\"datePublished\":\"2026-01-18T18:32:22+00:00\",\"dateModified\":\"2026-01-18T18:34:48+00:00\",\"author\":{\"@id\":\"https:\\\/\\\/www.team-bananenflanke.de\\\/ortenau\\\/#\\\/schema\\\/person\\\/be7843289cff1eb82c26b487f78fa6e1\"},\"breadcrumb\":{\"@id\":\"https:\\\/\\\/www.team-bananenflanke.de\\\/ortenau\\\/2026\\\/01\\\/18\\\/narro-narro-bananenflanke-ortenau-beim-jubilaeumsumzug-der-zwetschgenbacher-narrengilde\\\/#breadcrumb\"},\"inLanguage\":\"de\",\"potentialAction\":[{\"@type\":\"ReadAction\",\"target\":[\"https:\\\/\\\/www.team-bananenflanke.de\\\/ortenau\\\/2026\\\/01\\\/18\\\/narro-narro-bananenflanke-ortenau-beim-jubilaeumsumzug-der-zwetschgenbacher-narrengilde\\\/\"]}]},{\"@type\":\"ImageObject\",\"inLanguage\":\"de\",\"@id\":\"https:\\\/\\\/www.team-bananenflanke.de\\\/ortenau\\\/2026\\\/01\\\/18\\\/narro-narro-bananenflanke-ortenau-beim-jubilaeumsumzug-der-zwetschgenbacher-narrengilde\\\/#primaryimage\",\"url\":\"https:\\\/\\\/www.team-bananenflanke.de\\\/ortenau\\\/wp-content\\\/uploads\\\/2026\\\/01\\\/20260118_Fashingsumzug_Sasbach_1-scaled.jpg\",\"contentUrl\":\"https:\\\/\\\/www.team-bananenflanke.de\\\/ortenau\\\/wp-content\\\/uploads\\\/2026\\\/01\\\/20260118_Fashingsumzug_Sasbach_1-scaled.jpg\",\"width\":2560,\"height\":1440},{\"@type\":\"BreadcrumbList\",\"@id\":\"https:\\\/\\\/www.team-bananenflanke.de\\\/ortenau\\\/2026\\\/01\\\/18\\\/narro-narro-bananenflanke-ortenau-beim-jubilaeumsumzug-der-zwetschgenbacher-narrengilde\\\/#breadcrumb\",\"itemListElement\":[{\"@type\":\"ListItem\",\"position\":1,\"name\":\"Startseite\",\"item\":\"https:\\\/\\\/www.team-bananenflanke.de\\\/ortenau\\\/\"},{\"@type\":\"ListItem\",\"position\":2,\"name\":\"Narro, Narro! Bananenflanke Ortenau beim Jubil\u00e4umsumzug der Zwetschgenbacher Narrengilde\"}]},{\"@type\":\"WebSite\",\"@id\":\"https:\\\/\\\/www.team-bananenflanke.de\\\/ortenau\\\/#website\",\"url\":\"https:\\\/\\\/www.team-bananenflanke.de\\\/ortenau\\\/\",\"name\":\"Team Bananenflanke\u00ae Ortenau e.V.\",\"description\":\"Fu\u00dfball kennt keine Grenzen!\",\"potentialAction\":[{\"@type\":\"SearchAction\",\"target\":{\"@type\":\"EntryPoint\",\"urlTemplate\":\"https:\\\/\\\/www.team-bananenflanke.de\\\/ortenau\\\/?s={search_term_string}\"},\"query-input\":{\"@type\":\"PropertyValueSpecification\",\"valueRequired\":true,\"valueName\":\"search_term_string\"}}],\"inLanguage\":\"de\"},{\"@type\":\"Person\",\"@id\":\"https:\\\/\\\/www.team-bananenflanke.de\\\/ortenau\\\/#\\\/schema\\\/person\\\/be7843289cff1eb82c26b487f78fa6e1\",\"name\":\"Klaus Huber\",\"image\":{\"@type\":\"ImageObject\",\"inLanguage\":\"de\",\"@id\":\"https:\\\/\\\/secure.gravatar.com\\\/avatar\\\/5c0327d700429639b0f21494056878a1600debdadd69359be8def9d0a0c450d1?s=96&d=mm&r=g\",\"url\":\"https:\\\/\\\/secure.gravatar.com\\\/avatar\\\/5c0327d700429639b0f21494056878a1600debdadd69359be8def9d0a0c450d1?s=96&d=mm&r=g\",\"contentUrl\":\"https:\\\/\\\/secure.gravatar.com\\\/avatar\\\/5c0327d700429639b0f21494056878a1600debdadd69359be8def9d0a0c450d1?s=96&d=mm&r=g\",\"caption\":\"Klaus Huber\"},\"url\":\"https:\\\/\\\/www.team-bananenflanke.de\\\/ortenau\\\/author\\\/klaus-huber\\\/\"}]}<\/script>\n<!-- \/ Yoast SEO plugin. -->","yoast_head_json":{"title":"Narro, Narro! Bananenflanke Ortenau beim Jubil\u00e4umsumzug der Zwetschgenbacher Narrengilde - Team Bananenflanke\u00ae Ortenau e.V.","robots":{"index":"index","follow":"follow","max-snippet":"max-snippet:-1","max-image-preview":"max-image-preview:large","max-video-preview":"max-video-preview:-1"},"canonical":"https:\/\/www.team-bananenflanke.de\/ortenau\/2026\/01\/18\/narro-narro-bananenflanke-ortenau-beim-jubilaeumsumzug-der-zwetschgenbacher-narrengilde\/","og_locale":"de_DE","og_type":"article","og_title":"Narro, Narro! Bananenflanke Ortenau beim Jubil\u00e4umsumzug der Zwetschgenbacher Narrengilde - Team Bananenflanke\u00ae Ortenau e.V.","og_description":"[et_pb_section admin_label=&#8220;section&#8220;] [et_pb_row admin_label=&#8220;row&#8220;] [et_pb_column type=&#8220;4_4&#8243;][et_pb_text admin_label=&#8220;Text&#8220;]Beim Jubil\u00e4umsumzug \u201e44 Jahre Zwetschgenbacher Narrengilde e.V.\u201c durften wir heute als Bananenflanke mitlaufen und Teil dieses besonderen Ereignisses sein. Das trockene, aber kalte Wetter konnte der Stimmung nichts anhaben, im Gegenteil: Entlang der gesamten Strecke herrschte beste Laune. Begleitet von unserer BFL-Hymne, zogen wir gemeinsam durch die Stra\u00dfen und [&hellip;]","og_url":"https:\/\/www.team-bananenflanke.de\/ortenau\/2026\/01\/18\/narro-narro-bananenflanke-ortenau-beim-jubilaeumsumzug-der-zwetschgenbacher-narrengilde\/","og_site_name":"Team Bananenflanke\u00ae Ortenau e.V.","article_published_time":"2026-01-18T18:32:22+00:00","article_modified_time":"2026-01-18T18:34:48+00:00","og_image":[{"width":2560,"height":1440,"url":"https:\/\/www.team-bananenflanke.de\/ortenau\/wp-content\/uploads\/2026\/01\/20260118_Fashingsumzug_Sasbach_1-scaled.jpg","type":"image\/jpeg"}],"author":"Klaus Huber","twitter_card":"summary_large_image","twitter_misc":{"Verfasst von":"Klaus Huber","Gesch\u00e4tzte Lesezeit":"2\u00a0Minuten"},"schema":{"@context":"https:\/\/schema.org","@graph":[{"@type":"Article","@id":"https:\/\/www.team-bananenflanke.de\/ortenau\/2026\/01\/18\/narro-narro-bananenflanke-ortenau-beim-jubilaeumsumzug-der-zwetschgenbacher-narrengilde\/#article","isPartOf":{"@id":"https:\/\/www.team-bananenflanke.de\/ortenau\/2026\/01\/18\/narro-narro-bananenflanke-ortenau-beim-jubilaeumsumzug-der-zwetschgenbacher-narrengilde\/"},"author":{"name":"Klaus Huber","@id":"https:\/\/www.team-bananenflanke.de\/ortenau\/#\/schema\/person\/be7843289cff1eb82c26b487f78fa6e1"},"headline":"Narro, Narro! Bananenflanke Ortenau beim Jubil\u00e4umsumzug der Zwetschgenbacher Narrengilde","datePublished":"2026-01-18T18:32:22+00:00","dateModified":"2026-01-18T18:34:48+00:00","mainEntityOfPage":{"@id":"https:\/\/www.team-bananenflanke.de\/ortenau\/2026\/01\/18\/narro-narro-bananenflanke-ortenau-beim-jubilaeumsumzug-der-zwetschgenbacher-narrengilde\/"},"wordCount":196,"image":{"@id":"https:\/\/www.team-bananenflanke.de\/ortenau\/2026\/01\/18\/narro-narro-bananenflanke-ortenau-beim-jubilaeumsumzug-der-zwetschgenbacher-narrengilde\/#primaryimage"},"thumbnailUrl":"https:\/\/www.team-bananenflanke.de\/ortenau\/wp-content\/uploads\/2026\/01\/20260118_Fashingsumzug_Sasbach_1-1024x576.jpg","inLanguage":"de"},{"@type":"WebPage","@id":"https:\/\/www.team-bananenflanke.de\/ortenau\/2026\/01\/18\/narro-narro-bananenflanke-ortenau-beim-jubilaeumsumzug-der-zwetschgenbacher-narrengilde\/","url":"https:\/\/www.team-bananenflanke.de\/ortenau\/2026\/01\/18\/narro-narro-bananenflanke-ortenau-beim-jubilaeumsumzug-der-zwetschgenbacher-narrengilde\/","name":"Narro, Narro! Bananenflanke Ortenau beim Jubil\u00e4umsumzug der Zwetschgenbacher Narrengilde - Team Bananenflanke\u00ae Ortenau e.V.","isPartOf":{"@id":"https:\/\/www.team-bananenflanke.de\/ortenau\/#website"},"primaryImageOfPage":{"@id":"https:\/\/www.team-bananenflanke.de\/ortenau\/2026\/01\/18\/narro-narro-bananenflanke-ortenau-beim-jubilaeumsumzug-der-zwetschgenbacher-narrengilde\/#primaryimage"},"image":{"@id":"https:\/\/www.team-bananenflanke.de\/ortenau\/2026\/01\/18\/narro-narro-bananenflanke-ortenau-beim-jubilaeumsumzug-der-zwetschgenbacher-narrengilde\/#primaryimage"},"thumbnailUrl":"https:\/\/www.team-bananenflanke.de\/ortenau\/wp-content\/uploads\/2026\/01\/20260118_Fashingsumzug_Sasbach_1-1024x576.jpg","datePublished":"2026-01-18T18:32:22+00:00","dateModified":"2026-01-18T18:34:48+00:00","author":{"@id":"https:\/\/www.team-bananenflanke.de\/ortenau\/#\/schema\/person\/be7843289cff1eb82c26b487f78fa6e1"},"breadcrumb":{"@id":"https:\/\/www.team-bananenflanke.de\/ortenau\/2026\/01\/18\/narro-narro-bananenflanke-ortenau-beim-jubilaeumsumzug-der-zwetschgenbacher-narrengilde\/#breadcrumb"},"inLanguage":"de","potentialAction":[{"@type":"ReadAction","target":["https:\/\/www.team-bananenflanke.de\/ortenau\/2026\/01\/18\/narro-narro-bananenflanke-ortenau-beim-jubilaeumsumzug-der-zwetschgenbacher-narrengilde\/"]}]},{"@type":"ImageObject","inLanguage":"de","@id":"https:\/\/www.team-bananenflanke.de\/ortenau\/2026\/01\/18\/narro-narro-bananenflanke-ortenau-beim-jubilaeumsumzug-der-zwetschgenbacher-narrengilde\/#primaryimage","url":"https:\/\/www.team-bananenflanke.de\/ortenau\/wp-content\/uploads\/2026\/01\/20260118_Fashingsumzug_Sasbach_1-scaled.jpg","contentUrl":"https:\/\/www.team-bananenflanke.de\/ortenau\/wp-content\/uploads\/2026\/01\/20260118_Fashingsumzug_Sasbach_1-scaled.jpg","width":2560,"height":1440},{"@type":"BreadcrumbList","@id":"https:\/\/www.team-bananenflanke.de\/ortenau\/2026\/01\/18\/narro-narro-bananenflanke-ortenau-beim-jubilaeumsumzug-der-zwetschgenbacher-narrengilde\/#breadcrumb","itemListElement":[{"@type":"ListItem","position":1,"name":"Startseite","item":"https:\/\/www.team-bananenflanke.de\/ortenau\/"},{"@type":"ListItem","position":2,"name":"Narro, Narro! Bananenflanke Ortenau beim Jubil\u00e4umsumzug der Zwetschgenbacher Narrengilde"}]},{"@type":"WebSite","@id":"https:\/\/www.team-bananenflanke.de\/ortenau\/#website","url":"https:\/\/www.team-bananenflanke.de\/ortenau\/","name":"Team Bananenflanke\u00ae Ortenau e.V.","description":"Fu\u00dfball kennt keine Grenzen!","potentialAction":[{"@type":"SearchAction","target":{"@type":"EntryPoint","urlTemplate":"https:\/\/www.team-bananenflanke.de\/ortenau\/?s={search_term_string}"},"query-input":{"@type":"PropertyValueSpecification","valueRequired":true,"valueName":"search_term_string"}}],"inLanguage":"de"},{"@type":"Person","@id":"https:\/\/www.team-bananenflanke.de\/ortenau\/#\/schema\/person\/be7843289cff1eb82c26b487f78fa6e1","name":"Klaus Huber","image":{"@type":"ImageObject","inLanguage":"de","@id":"https:\/\/secure.gravatar.com\/avatar\/5c0327d700429639b0f21494056878a1600debdadd69359be8def9d0a0c450d1?s=96&d=mm&r=g","url":"https:\/\/secure.gravatar.com\/avatar\/5c0327d700429639b0f21494056878a1600debdadd69359be8def9d0a0c450d1?s=96&d=mm&r=g","contentUrl":"https:\/\/secure.gravatar.com\/avatar\/5c0327d700429639b0f21494056878a1600debdadd69359be8def9d0a0c450d1?s=96&d=mm&r=g","caption":"Klaus Huber"},"url":"https:\/\/www.team-bananenflanke.de\/ortenau\/author\/klaus-huber\/"}]}},"_links":{"self":[{"href":"https:\/\/www.team-bananenflanke.de\/ortenau\/wp-json\/wp\/v2\/posts\/384","targetHints":{"allow":["GET"]}}],"collection":[{"href":"https:\/\/www.team-bananenflanke.de\/ortenau\/wp-json\/wp\/v2\/posts"}],"about":[{"href":"https:\/\/www.team-bananenflanke.de\/ortenau\/wp-json\/wp\/v2\/types\/post"}],"author":[{"embeddable":true,"href":"https:\/\/www.team-bananenflanke.de\/ortenau\/wp-json\/wp\/v2\/users\/2"}],"replies":[{"embeddable":true,"href":"https:\/\/www.team-bananenflanke.de\/ortenau\/wp-json\/wp\/v2\/comments?post=384"}],"version-history":[{"count":4,"href":"https:\/\/www.team-bananenflanke.de\/ortenau\/wp-json\/wp\/v2\/posts\/384\/revisions"}],"predecessor-version":[{"id":394,"href":"https:\/\/www.team-bananenflanke.de\/ortenau\/wp-json\/wp\/v2\/posts\/384\/revisions\/394"}],"wp:attachment":[{"href":"https:\/\/www.team-bananenflanke.de\/ortenau\/wp-json\/wp\/v2\/media?parent=384"}],"wp:term":[{"taxonomy":"category","embeddable":true,"href":"https:\/\/www.team-bananenflanke.de\/ortenau\/wp-json\/wp\/v2\/categories?post=384"},{"taxonomy":"post_tag","embeddable":true,"href":"https:\/\/www.team-bananenflanke.de\/ortenau\/wp-json\/wp\/v2\/tags?post=384"}],"curies":[{"name":"wp","href":"https:\/\/api.w.org\/{rel}","templated":true}]}}