{"id":228,"date":"2024-07-01T15:45:00","date_gmt":"2024-07-01T13:45:00","guid":{"rendered":"https:\/\/www.teambananenflanke.de\/ortenau\/?p=228"},"modified":"2025-03-25T15:48:36","modified_gmt":"2025-03-25T14:48:36","slug":"mit-dem-bus-gemeinsam-nach-regensburg","status":"publish","type":"post","link":"https:\/\/www.team-bananenflanke.de\/ortenau\/2024\/07\/01\/mit-dem-bus-gemeinsam-nach-regensburg\/","title":{"rendered":"Mit dem Bus gemeinsam nach Regensburg!"},"content":{"rendered":"\n<p>Am 29.6.24 ging es fr\u00fchmorgens los zum Turnier nach Regensburg, der Gr\u00fcndungsstadt der Bananenflanke!<br>Bei supertollem Wetter fand das super organisierte Turnier statt!<\/p>\n\n\n\n<p>Unsere Spieler undSpielerinnen hatten sehr viel Spa\u00df mit den Regensburgern und kamen dabei ganz sch\u00f6n ins Schwitzen!<br>Sie konnten sich gut behaupten und belegten am Ende den 4. Platz!<\/p>\n\n\n\n<p>Herzlichen Gl\u00fcckwunsch und Dankesch\u00f6n f\u00fcr die fairen Spiele!!<\/p>\n\n\n\n<p>Fr\u00fch abends bummelten dann alle noch zusammen durch die sehr sch\u00f6ne Altstadt in Regensburg!<br>Danach ging es dann in das sch\u00f6ne Hotel \u201eIncludio\u201c, wo sich alle frisch machten, um abends gemeinsam beim Public Viewing das Spiel Deutschland gegen Schottland anzuschauen!<br>Was f\u00fcr ein Abschluss! 5:1 f\u00fcr Deutschland !!<\/p>\n\n\n\n<p>Am n\u00e4chsten Morgen ging es dann nach einem sehr leckeren Fr\u00fchst\u00fcck wieder nach Hause!<br>Alle waren sich einig, es war sehr sch\u00f6n in Regensburg und wir kommen gerne wieder!!<\/p>\n\n\n\n<p>Danke sch\u00f6n an die Regensburger f\u00fcr das gro\u00dfartige Turnier!<\/p>\n\n\n\n<figure class=\"wp-block-gallery has-nested-images columns-default is-cropped wp-block-gallery-1 is-layout-flex wp-block-gallery-is-layout-flex\">\n<figure class=\"wp-block-image size-large\"><img loading=\"lazy\" decoding=\"async\" width=\"1024\" height=\"768\" data-id=\"229\" src=\"https:\/\/www.teambananenflanke.de\/ortenau\/wp-content\/uploads\/2025\/03\/regensburg20241-1024x768.jpg\" alt=\"\" class=\"wp-image-229\" srcset=\"https:\/\/www.teambananenflanke.de\/ortenau\/wp-content\/uploads\/2025\/03\/regensburg20241-980x735.jpg 980w, https:\/\/www.teambananenflanke.de\/ortenau\/wp-content\/uploads\/2025\/03\/regensburg20241-480x360.jpg 480w\" sizes=\"auto, (min-width: 0px) and (max-width: 480px) 480px, (min-width: 481px) and (max-width: 980px) 980px, (min-width: 981px) 1024px, 100vw\" \/><\/figure>\n\n\n\n<figure class=\"wp-block-image size-large\"><img loading=\"lazy\" decoding=\"async\" width=\"1024\" height=\"576\" data-id=\"230\" src=\"https:\/\/www.teambananenflanke.de\/ortenau\/wp-content\/uploads\/2025\/03\/regensburg20242-1024x576.jpg\" alt=\"\" class=\"wp-image-230\" srcset=\"https:\/\/www.teambananenflanke.de\/ortenau\/wp-content\/uploads\/2025\/03\/regensburg20242-1024x576.jpg 1024w, https:\/\/www.teambananenflanke.de\/ortenau\/wp-content\/uploads\/2025\/03\/regensburg20242-980x551.jpg 980w, https:\/\/www.teambananenflanke.de\/ortenau\/wp-content\/uploads\/2025\/03\/regensburg20242-480x270.jpg 480w\" sizes=\"auto, (min-width: 0px) and (max-width: 480px) 480px, (min-width: 481px) and (max-width: 980px) 980px, (min-width: 981px) 1024px, 100vw\" \/><\/figure>\n\n\n\n<figure class=\"wp-block-image size-large\"><img loading=\"lazy\" decoding=\"async\" width=\"947\" height=\"946\" data-id=\"231\" src=\"https:\/\/www.teambananenflanke.de\/ortenau\/wp-content\/uploads\/2025\/03\/regensburg20243.jpeg\" alt=\"\" class=\"wp-image-231\" srcset=\"https:\/\/www.teambananenflanke.de\/ortenau\/wp-content\/uploads\/2025\/03\/regensburg20243.jpeg 947w, https:\/\/www.teambananenflanke.de\/ortenau\/wp-content\/uploads\/2025\/03\/regensburg20243-480x479.jpeg 480w\" sizes=\"auto, (min-width: 0px) and (max-width: 480px) 480px, (min-width: 481px) 947px, 100vw\" \/><\/figure>\n\n\n\n<figure class=\"wp-block-image size-large\"><img loading=\"lazy\" decoding=\"async\" width=\"947\" height=\"946\" data-id=\"232\" src=\"https:\/\/www.teambananenflanke.de\/ortenau\/wp-content\/uploads\/2025\/03\/regensburg20244.jpeg\" alt=\"\" class=\"wp-image-232\" srcset=\"https:\/\/www.teambananenflanke.de\/ortenau\/wp-content\/uploads\/2025\/03\/regensburg20244.jpeg 947w, https:\/\/www.teambananenflanke.de\/ortenau\/wp-content\/uploads\/2025\/03\/regensburg20244-480x479.jpeg 480w\" sizes=\"auto, (min-width: 0px) and (max-width: 480px) 480px, (min-width: 481px) 947px, 100vw\" \/><\/figure>\n<\/figure>\n","protected":false},"excerpt":{"rendered":"<p>Am 29.6.24 ging es fr\u00fchmorgens los zum Turnier nach Regensburg, der Gr\u00fcndungsstadt der Bananenflanke!Bei supertollem Wetter fand das super organisierte Turnier statt! Unsere Spieler undSpielerinnen hatten sehr viel Spa\u00df mit den Regensburgern und kamen dabei ganz sch\u00f6n ins Schwitzen!Sie konnten sich gut behaupten und belegten am Ende den 4. Platz! Herzlichen Gl\u00fcckwunsch und Dankesch\u00f6n f\u00fcr [&hellip;]<\/p>\n","protected":false},"author":1,"featured_media":231,"comment_status":"open","ping_status":"open","sticky":false,"template":"","format":"standard","meta":{"_et_pb_use_builder":"","_et_pb_old_content":"","_et_gb_content_width":"","footnotes":""},"categories":[1],"tags":[],"class_list":["post-228","post","type-post","status-publish","format-standard","has-post-thumbnail","hentry","category-allgemein"],"yoast_head":"<!-- This site is optimized with the Yoast SEO plugin v27.5 - https:\/\/yoast.com\/product\/yoast-seo-wordpress\/ -->\n<title>Mit dem Bus gemeinsam nach Regensburg! - Team Bananenflanke\u00ae Ortenau e.V.<\/title>\n<meta name=\"robots\" content=\"index, follow, max-snippet:-1, max-image-preview:large, max-video-preview:-1\" \/>\n<link rel=\"canonical\" href=\"https:\/\/www.team-bananenflanke.de\/ortenau\/2024\/07\/01\/mit-dem-bus-gemeinsam-nach-regensburg\/\" \/>\n<meta property=\"og:locale\" content=\"de_DE\" \/>\n<meta property=\"og:type\" content=\"article\" \/>\n<meta property=\"og:title\" content=\"Mit dem Bus gemeinsam nach Regensburg! - Team Bananenflanke\u00ae Ortenau e.V.\" \/>\n<meta property=\"og:description\" content=\"Am 29.6.24 ging es fr\u00fchmorgens los zum Turnier nach Regensburg, der Gr\u00fcndungsstadt der Bananenflanke!Bei supertollem Wetter fand das super organisierte Turnier statt! Unsere Spieler undSpielerinnen hatten sehr viel Spa\u00df mit den Regensburgern und kamen dabei ganz sch\u00f6n ins Schwitzen!Sie konnten sich gut behaupten und belegten am Ende den 4. Platz! Herzlichen Gl\u00fcckwunsch und Dankesch\u00f6n f\u00fcr [&hellip;]\" \/>\n<meta property=\"og:url\" content=\"https:\/\/www.team-bananenflanke.de\/ortenau\/2024\/07\/01\/mit-dem-bus-gemeinsam-nach-regensburg\/\" \/>\n<meta property=\"og:site_name\" content=\"Team Bananenflanke\u00ae Ortenau e.V.\" \/>\n<meta property=\"article:published_time\" content=\"2024-07-01T13:45:00+00:00\" \/>\n<meta property=\"article:modified_time\" content=\"2025-03-25T14:48:36+00:00\" \/>\n<meta property=\"og:image\" content=\"https:\/\/www.team-bananenflanke.de\/ortenau\/wp-content\/uploads\/2025\/03\/regensburg20243.jpeg\" \/>\n\t<meta property=\"og:image:width\" content=\"947\" \/>\n\t<meta property=\"og:image:height\" content=\"946\" \/>\n\t<meta property=\"og:image:type\" content=\"image\/jpeg\" \/>\n<meta name=\"author\" content=\"Marina Spielmann\" \/>\n<meta name=\"twitter:card\" content=\"summary_large_image\" \/>\n<meta name=\"twitter:label1\" content=\"Verfasst von\" \/>\n\t<meta name=\"twitter:data1\" content=\"Marina Spielmann\" \/>\n\t<meta name=\"twitter:label2\" content=\"Gesch\u00e4tzte Lesezeit\" \/>\n\t<meta name=\"twitter:data2\" content=\"1\u00a0Minute\" \/>\n<script type=\"application\/ld+json\" class=\"yoast-schema-graph\">{\"@context\":\"https:\\\/\\\/schema.org\",\"@graph\":[{\"@type\":\"Article\",\"@id\":\"https:\\\/\\\/www.team-bananenflanke.de\\\/ortenau\\\/2024\\\/07\\\/01\\\/mit-dem-bus-gemeinsam-nach-regensburg\\\/#article\",\"isPartOf\":{\"@id\":\"https:\\\/\\\/www.team-bananenflanke.de\\\/ortenau\\\/2024\\\/07\\\/01\\\/mit-dem-bus-gemeinsam-nach-regensburg\\\/\"},\"author\":{\"name\":\"Marina Spielmann\",\"@id\":\"https:\\\/\\\/www.team-bananenflanke.de\\\/ortenau\\\/#\\\/schema\\\/person\\\/c95c469df8bd69bf95cc532658ecd77d\"},\"headline\":\"Mit dem Bus gemeinsam nach Regensburg!\",\"datePublished\":\"2024-07-01T13:45:00+00:00\",\"dateModified\":\"2025-03-25T14:48:36+00:00\",\"mainEntityOfPage\":{\"@id\":\"https:\\\/\\\/www.team-bananenflanke.de\\\/ortenau\\\/2024\\\/07\\\/01\\\/mit-dem-bus-gemeinsam-nach-regensburg\\\/\"},\"wordCount\":166,\"commentCount\":0,\"image\":{\"@id\":\"https:\\\/\\\/www.team-bananenflanke.de\\\/ortenau\\\/2024\\\/07\\\/01\\\/mit-dem-bus-gemeinsam-nach-regensburg\\\/#primaryimage\"},\"thumbnailUrl\":\"https:\\\/\\\/www.team-bananenflanke.de\\\/ortenau\\\/wp-content\\\/uploads\\\/2025\\\/03\\\/regensburg20243.jpeg\",\"inLanguage\":\"de\",\"potentialAction\":[{\"@type\":\"CommentAction\",\"name\":\"Comment\",\"target\":[\"https:\\\/\\\/www.team-bananenflanke.de\\\/ortenau\\\/2024\\\/07\\\/01\\\/mit-dem-bus-gemeinsam-nach-regensburg\\\/#respond\"]}]},{\"@type\":\"WebPage\",\"@id\":\"https:\\\/\\\/www.team-bananenflanke.de\\\/ortenau\\\/2024\\\/07\\\/01\\\/mit-dem-bus-gemeinsam-nach-regensburg\\\/\",\"url\":\"https:\\\/\\\/www.team-bananenflanke.de\\\/ortenau\\\/2024\\\/07\\\/01\\\/mit-dem-bus-gemeinsam-nach-regensburg\\\/\",\"name\":\"Mit dem Bus gemeinsam nach Regensburg! - Team Bananenflanke\u00ae Ortenau e.V.\",\"isPartOf\":{\"@id\":\"https:\\\/\\\/www.team-bananenflanke.de\\\/ortenau\\\/#website\"},\"primaryImageOfPage\":{\"@id\":\"https:\\\/\\\/www.team-bananenflanke.de\\\/ortenau\\\/2024\\\/07\\\/01\\\/mit-dem-bus-gemeinsam-nach-regensburg\\\/#primaryimage\"},\"image\":{\"@id\":\"https:\\\/\\\/www.team-bananenflanke.de\\\/ortenau\\\/2024\\\/07\\\/01\\\/mit-dem-bus-gemeinsam-nach-regensburg\\\/#primaryimage\"},\"thumbnailUrl\":\"https:\\\/\\\/www.team-bananenflanke.de\\\/ortenau\\\/wp-content\\\/uploads\\\/2025\\\/03\\\/regensburg20243.jpeg\",\"datePublished\":\"2024-07-01T13:45:00+00:00\",\"dateModified\":\"2025-03-25T14:48:36+00:00\",\"author\":{\"@id\":\"https:\\\/\\\/www.team-bananenflanke.de\\\/ortenau\\\/#\\\/schema\\\/person\\\/c95c469df8bd69bf95cc532658ecd77d\"},\"breadcrumb\":{\"@id\":\"https:\\\/\\\/www.team-bananenflanke.de\\\/ortenau\\\/2024\\\/07\\\/01\\\/mit-dem-bus-gemeinsam-nach-regensburg\\\/#breadcrumb\"},\"inLanguage\":\"de\",\"potentialAction\":[{\"@type\":\"ReadAction\",\"target\":[\"https:\\\/\\\/www.team-bananenflanke.de\\\/ortenau\\\/2024\\\/07\\\/01\\\/mit-dem-bus-gemeinsam-nach-regensburg\\\/\"]}]},{\"@type\":\"ImageObject\",\"inLanguage\":\"de\",\"@id\":\"https:\\\/\\\/www.team-bananenflanke.de\\\/ortenau\\\/2024\\\/07\\\/01\\\/mit-dem-bus-gemeinsam-nach-regensburg\\\/#primaryimage\",\"url\":\"https:\\\/\\\/www.team-bananenflanke.de\\\/ortenau\\\/wp-content\\\/uploads\\\/2025\\\/03\\\/regensburg20243.jpeg\",\"contentUrl\":\"https:\\\/\\\/www.team-bananenflanke.de\\\/ortenau\\\/wp-content\\\/uploads\\\/2025\\\/03\\\/regensburg20243.jpeg\",\"width\":947,\"height\":946},{\"@type\":\"BreadcrumbList\",\"@id\":\"https:\\\/\\\/www.team-bananenflanke.de\\\/ortenau\\\/2024\\\/07\\\/01\\\/mit-dem-bus-gemeinsam-nach-regensburg\\\/#breadcrumb\",\"itemListElement\":[{\"@type\":\"ListItem\",\"position\":1,\"name\":\"Startseite\",\"item\":\"https:\\\/\\\/www.team-bananenflanke.de\\\/ortenau\\\/\"},{\"@type\":\"ListItem\",\"position\":2,\"name\":\"Mit dem Bus gemeinsam nach Regensburg!\"}]},{\"@type\":\"WebSite\",\"@id\":\"https:\\\/\\\/www.team-bananenflanke.de\\\/ortenau\\\/#website\",\"url\":\"https:\\\/\\\/www.team-bananenflanke.de\\\/ortenau\\\/\",\"name\":\"Team Bananenflanke\u00ae Ortenau e.V.\",\"description\":\"Fu\u00dfball kennt keine Grenzen!\",\"potentialAction\":[{\"@type\":\"SearchAction\",\"target\":{\"@type\":\"EntryPoint\",\"urlTemplate\":\"https:\\\/\\\/www.team-bananenflanke.de\\\/ortenau\\\/?s={search_term_string}\"},\"query-input\":{\"@type\":\"PropertyValueSpecification\",\"valueRequired\":true,\"valueName\":\"search_term_string\"}}],\"inLanguage\":\"de\"},{\"@type\":\"Person\",\"@id\":\"https:\\\/\\\/www.team-bananenflanke.de\\\/ortenau\\\/#\\\/schema\\\/person\\\/c95c469df8bd69bf95cc532658ecd77d\",\"name\":\"Marina Spielmann\",\"image\":{\"@type\":\"ImageObject\",\"inLanguage\":\"de\",\"@id\":\"https:\\\/\\\/secure.gravatar.com\\\/avatar\\\/67b7b235c5f3ac9fe6b4b1e82a4d2cfffc29c335db879d461a2cb5fffe85de6a?s=96&d=mm&r=g\",\"url\":\"https:\\\/\\\/secure.gravatar.com\\\/avatar\\\/67b7b235c5f3ac9fe6b4b1e82a4d2cfffc29c335db879d461a2cb5fffe85de6a?s=96&d=mm&r=g\",\"contentUrl\":\"https:\\\/\\\/secure.gravatar.com\\\/avatar\\\/67b7b235c5f3ac9fe6b4b1e82a4d2cfffc29c335db879d461a2cb5fffe85de6a?s=96&d=mm&r=g\",\"caption\":\"Marina Spielmann\"},\"sameAs\":[\"https:\\\/\\\/www.teambananenflanke.de\\\/ortenau\"],\"url\":\"https:\\\/\\\/www.team-bananenflanke.de\\\/ortenau\\\/author\\\/marina-spielmann\\\/\"}]}<\/script>\n<!-- \/ Yoast SEO plugin. -->","yoast_head_json":{"title":"Mit dem Bus gemeinsam nach Regensburg! - Team Bananenflanke\u00ae Ortenau e.V.","robots":{"index":"index","follow":"follow","max-snippet":"max-snippet:-1","max-image-preview":"max-image-preview:large","max-video-preview":"max-video-preview:-1"},"canonical":"https:\/\/www.team-bananenflanke.de\/ortenau\/2024\/07\/01\/mit-dem-bus-gemeinsam-nach-regensburg\/","og_locale":"de_DE","og_type":"article","og_title":"Mit dem Bus gemeinsam nach Regensburg! - Team Bananenflanke\u00ae Ortenau e.V.","og_description":"Am 29.6.24 ging es fr\u00fchmorgens los zum Turnier nach Regensburg, der Gr\u00fcndungsstadt der Bananenflanke!Bei supertollem Wetter fand das super organisierte Turnier statt! Unsere Spieler undSpielerinnen hatten sehr viel Spa\u00df mit den Regensburgern und kamen dabei ganz sch\u00f6n ins Schwitzen!Sie konnten sich gut behaupten und belegten am Ende den 4. Platz! Herzlichen Gl\u00fcckwunsch und Dankesch\u00f6n f\u00fcr [&hellip;]","og_url":"https:\/\/www.team-bananenflanke.de\/ortenau\/2024\/07\/01\/mit-dem-bus-gemeinsam-nach-regensburg\/","og_site_name":"Team Bananenflanke\u00ae Ortenau e.V.","article_published_time":"2024-07-01T13:45:00+00:00","article_modified_time":"2025-03-25T14:48:36+00:00","og_image":[{"width":947,"height":946,"url":"https:\/\/www.team-bananenflanke.de\/ortenau\/wp-content\/uploads\/2025\/03\/regensburg20243.jpeg","type":"image\/jpeg"}],"author":"Marina Spielmann","twitter_card":"summary_large_image","twitter_misc":{"Verfasst von":"Marina Spielmann","Gesch\u00e4tzte Lesezeit":"1\u00a0Minute"},"schema":{"@context":"https:\/\/schema.org","@graph":[{"@type":"Article","@id":"https:\/\/www.team-bananenflanke.de\/ortenau\/2024\/07\/01\/mit-dem-bus-gemeinsam-nach-regensburg\/#article","isPartOf":{"@id":"https:\/\/www.team-bananenflanke.de\/ortenau\/2024\/07\/01\/mit-dem-bus-gemeinsam-nach-regensburg\/"},"author":{"name":"Marina Spielmann","@id":"https:\/\/www.team-bananenflanke.de\/ortenau\/#\/schema\/person\/c95c469df8bd69bf95cc532658ecd77d"},"headline":"Mit dem Bus gemeinsam nach Regensburg!","datePublished":"2024-07-01T13:45:00+00:00","dateModified":"2025-03-25T14:48:36+00:00","mainEntityOfPage":{"@id":"https:\/\/www.team-bananenflanke.de\/ortenau\/2024\/07\/01\/mit-dem-bus-gemeinsam-nach-regensburg\/"},"wordCount":166,"commentCount":0,"image":{"@id":"https:\/\/www.team-bananenflanke.de\/ortenau\/2024\/07\/01\/mit-dem-bus-gemeinsam-nach-regensburg\/#primaryimage"},"thumbnailUrl":"https:\/\/www.team-bananenflanke.de\/ortenau\/wp-content\/uploads\/2025\/03\/regensburg20243.jpeg","inLanguage":"de","potentialAction":[{"@type":"CommentAction","name":"Comment","target":["https:\/\/www.team-bananenflanke.de\/ortenau\/2024\/07\/01\/mit-dem-bus-gemeinsam-nach-regensburg\/#respond"]}]},{"@type":"WebPage","@id":"https:\/\/www.team-bananenflanke.de\/ortenau\/2024\/07\/01\/mit-dem-bus-gemeinsam-nach-regensburg\/","url":"https:\/\/www.team-bananenflanke.de\/ortenau\/2024\/07\/01\/mit-dem-bus-gemeinsam-nach-regensburg\/","name":"Mit dem Bus gemeinsam nach Regensburg! - Team Bananenflanke\u00ae Ortenau e.V.","isPartOf":{"@id":"https:\/\/www.team-bananenflanke.de\/ortenau\/#website"},"primaryImageOfPage":{"@id":"https:\/\/www.team-bananenflanke.de\/ortenau\/2024\/07\/01\/mit-dem-bus-gemeinsam-nach-regensburg\/#primaryimage"},"image":{"@id":"https:\/\/www.team-bananenflanke.de\/ortenau\/2024\/07\/01\/mit-dem-bus-gemeinsam-nach-regensburg\/#primaryimage"},"thumbnailUrl":"https:\/\/www.team-bananenflanke.de\/ortenau\/wp-content\/uploads\/2025\/03\/regensburg20243.jpeg","datePublished":"2024-07-01T13:45:00+00:00","dateModified":"2025-03-25T14:48:36+00:00","author":{"@id":"https:\/\/www.team-bananenflanke.de\/ortenau\/#\/schema\/person\/c95c469df8bd69bf95cc532658ecd77d"},"breadcrumb":{"@id":"https:\/\/www.team-bananenflanke.de\/ortenau\/2024\/07\/01\/mit-dem-bus-gemeinsam-nach-regensburg\/#breadcrumb"},"inLanguage":"de","potentialAction":[{"@type":"ReadAction","target":["https:\/\/www.team-bananenflanke.de\/ortenau\/2024\/07\/01\/mit-dem-bus-gemeinsam-nach-regensburg\/"]}]},{"@type":"ImageObject","inLanguage":"de","@id":"https:\/\/www.team-bananenflanke.de\/ortenau\/2024\/07\/01\/mit-dem-bus-gemeinsam-nach-regensburg\/#primaryimage","url":"https:\/\/www.team-bananenflanke.de\/ortenau\/wp-content\/uploads\/2025\/03\/regensburg20243.jpeg","contentUrl":"https:\/\/www.team-bananenflanke.de\/ortenau\/wp-content\/uploads\/2025\/03\/regensburg20243.jpeg","width":947,"height":946},{"@type":"BreadcrumbList","@id":"https:\/\/www.team-bananenflanke.de\/ortenau\/2024\/07\/01\/mit-dem-bus-gemeinsam-nach-regensburg\/#breadcrumb","itemListElement":[{"@type":"ListItem","position":1,"name":"Startseite","item":"https:\/\/www.team-bananenflanke.de\/ortenau\/"},{"@type":"ListItem","position":2,"name":"Mit dem Bus gemeinsam nach Regensburg!"}]},{"@type":"WebSite","@id":"https:\/\/www.team-bananenflanke.de\/ortenau\/#website","url":"https:\/\/www.team-bananenflanke.de\/ortenau\/","name":"Team Bananenflanke\u00ae Ortenau e.V.","description":"Fu\u00dfball kennt keine Grenzen!","potentialAction":[{"@type":"SearchAction","target":{"@type":"EntryPoint","urlTemplate":"https:\/\/www.team-bananenflanke.de\/ortenau\/?s={search_term_string}"},"query-input":{"@type":"PropertyValueSpecification","valueRequired":true,"valueName":"search_term_string"}}],"inLanguage":"de"},{"@type":"Person","@id":"https:\/\/www.team-bananenflanke.de\/ortenau\/#\/schema\/person\/c95c469df8bd69bf95cc532658ecd77d","name":"Marina Spielmann","image":{"@type":"ImageObject","inLanguage":"de","@id":"https:\/\/secure.gravatar.com\/avatar\/67b7b235c5f3ac9fe6b4b1e82a4d2cfffc29c335db879d461a2cb5fffe85de6a?s=96&d=mm&r=g","url":"https:\/\/secure.gravatar.com\/avatar\/67b7b235c5f3ac9fe6b4b1e82a4d2cfffc29c335db879d461a2cb5fffe85de6a?s=96&d=mm&r=g","contentUrl":"https:\/\/secure.gravatar.com\/avatar\/67b7b235c5f3ac9fe6b4b1e82a4d2cfffc29c335db879d461a2cb5fffe85de6a?s=96&d=mm&r=g","caption":"Marina Spielmann"},"sameAs":["https:\/\/www.teambananenflanke.de\/ortenau"],"url":"https:\/\/www.team-bananenflanke.de\/ortenau\/author\/marina-spielmann\/"}]}},"_links":{"self":[{"href":"https:\/\/www.team-bananenflanke.de\/ortenau\/wp-json\/wp\/v2\/posts\/228","targetHints":{"allow":["GET"]}}],"collection":[{"href":"https:\/\/www.team-bananenflanke.de\/ortenau\/wp-json\/wp\/v2\/posts"}],"about":[{"href":"https:\/\/www.team-bananenflanke.de\/ortenau\/wp-json\/wp\/v2\/types\/post"}],"author":[{"embeddable":true,"href":"https:\/\/www.team-bananenflanke.de\/ortenau\/wp-json\/wp\/v2\/users\/1"}],"replies":[{"embeddable":true,"href":"https:\/\/www.team-bananenflanke.de\/ortenau\/wp-json\/wp\/v2\/comments?post=228"}],"version-history":[{"count":1,"href":"https:\/\/www.team-bananenflanke.de\/ortenau\/wp-json\/wp\/v2\/posts\/228\/revisions"}],"predecessor-version":[{"id":233,"href":"https:\/\/www.team-bananenflanke.de\/ortenau\/wp-json\/wp\/v2\/posts\/228\/revisions\/233"}],"wp:featuredmedia":[{"embeddable":true,"href":"https:\/\/www.team-bananenflanke.de\/ortenau\/wp-json\/wp\/v2\/media\/231"}],"wp:attachment":[{"href":"https:\/\/www.team-bananenflanke.de\/ortenau\/wp-json\/wp\/v2\/media?parent=228"}],"wp:term":[{"taxonomy":"category","embeddable":true,"href":"https:\/\/www.team-bananenflanke.de\/ortenau\/wp-json\/wp\/v2\/categories?post=228"},{"taxonomy":"post_tag","embeddable":true,"href":"https:\/\/www.team-bananenflanke.de\/ortenau\/wp-json\/wp\/v2\/tags?post=228"}],"curies":[{"name":"wp","href":"https:\/\/api.w.org\/{rel}","templated":true}]}}